{"id":736,"date":"2011-03-10T17:21:50","date_gmt":"2011-03-10T16:21:50","guid":{"rendered":"http:\/\/hps.kitagmbh.de\/?p=736"},"modified":"2021-12-10T18:55:27","modified_gmt":"2021-12-10T17:55:27","slug":"preisverleihung-2011-2","status":"publish","type":"post","link":"https:\/\/www.hans-platschek-stiftung.de\/?p=736","title":{"rendered":"Werner B\u00fcttner, Preistr\u00e4ger 2011"},"content":{"rendered":"<div id='full_slider_1'  class='avia-fullwidth-slider main_color avia-shadow   avia-builder-el-0  el_before_av_one_fourth  avia-builder-el-first   container_wrap fullsize'  ><div  class='avia-slideshow av-1bav1c-5f79b4c05520d2d2c01a85f4dcd8a115 avia-slideshow-featured av_slideshow_full avia-slide-slider av-slideshow-ui av-control-default av-slideshow-manual av-loop-once av-loop-manual-endless av-default-height-applied   avia-slideshow-1' data-slideshow-options=\"{&quot;animation&quot;:&quot;slide&quot;,&quot;autoplay&quot;:false,&quot;loop_autoplay&quot;:&quot;once&quot;,&quot;interval&quot;:5,&quot;loop_manual&quot;:&quot;manual-endless&quot;,&quot;autoplay_stopper&quot;:false,&quot;noNavigation&quot;:false,&quot;bg_slider&quot;:false,&quot;keep_padding&quot;:false,&quot;hoverpause&quot;:false,&quot;show_slide_delay&quot;:0}\"  itemprop=\"image\" itemscope=\"itemscope\" itemtype=\"https:\/\/schema.org\/ImageObject\" ><ul class='avia-slideshow-inner ' style='padding-bottom: 28.666666666667%;'><li  class='avia-slideshow-slide av-1bav1c-5f79b4c05520d2d2c01a85f4dcd8a115__0  av-single-slide slide-1 slide-odd'><div data-rel='slideshow-1' class='avia-slide-wrap '   ><div class='av-slideshow-caption av-1bav1c-5f79b4c05520d2d2c01a85f4dcd8a115__0 caption_fullwidth caption_center caption_center_framed caption_framed'><div class=\"container caption_container\"><div class=\"slideshow_caption\"><div class=\"slideshow_inner_caption\"><div class=\"slideshow_align_caption\"><h2 class='avia-caption-title '  itemprop=\"name\" >Hans Platschek Preis f\u00fcr Kunst und Schrift 2011<br \/>\nWerner B\u00fcttner<\/h2><\/div><\/div><\/div><\/div><\/div><img decoding=\"async\" class=\"wp-image-3019 avia-img-lazy-loading-not-3019\"  src=\"https:\/\/www.hans-platschek-stiftung.de\/wp-content\/uploads\/2011\/03\/art_preis_quer_2_2011-1500x430.jpg\" width=\"1500\" height=\"430\" title='art_preis_quer_2_2011' alt=''  itemprop=\"thumbnailUrl\" srcset=\"https:\/\/www.hans-platschek-stiftung.de\/wp-content\/uploads\/2011\/03\/art_preis_quer_2_2011.jpg 1500w, https:\/\/www.hans-platschek-stiftung.de\/wp-content\/uploads\/2011\/03\/art_preis_quer_2_2011-300x86.jpg 300w, https:\/\/www.hans-platschek-stiftung.de\/wp-content\/uploads\/2011\/03\/art_preis_quer_2_2011-1030x295.jpg 1030w, https:\/\/www.hans-platschek-stiftung.de\/wp-content\/uploads\/2011\/03\/art_preis_quer_2_2011-768x220.jpg 768w, https:\/\/www.hans-platschek-stiftung.de\/wp-content\/uploads\/2011\/03\/art_preis_quer_2_2011-705x202.jpg 705w\" sizes=\"(max-width: 1500px) 100vw, 1500px\" \/><\/div><\/li><\/ul><\/div><\/div><div id='after_full_slider_1'  class='main_color av_default_container_wrap container_wrap fullsize'  ><div class='container av-section-cont-open' ><div class='template-page content  av-content-full alpha units'><div class='post-entry post-entry-type-page post-entry-736'><div class='entry-content-wrapper clearfix'>\n\n<style type=\"text\/css\" data-created_by=\"avia_inline_auto\" id=\"style-css-av-11c688-8802502d58f1dd1e34e6a7791dec7782\">\n.flex_column.av-11c688-8802502d58f1dd1e34e6a7791dec7782{\n-webkit-border-radius:0px 0px 0px 0px;\n-moz-border-radius:0px 0px 0px 0px;\nborder-radius:0px 0px 0px 0px;\npadding:0px 0px 0px 0px;\n}\n<\/style>\n<div class='flex_column av-11c688-8802502d58f1dd1e34e6a7791dec7782 av_one_fourth  avia-builder-el-1  el_after_av_slideshow_full  el_before_av_three_fifth  avia-builder-el-first  first flex_column_div av-zero-column-padding '     ><p>\n<style type=\"text\/css\" data-created_by=\"avia_inline_auto\" id=\"style-css-av-kp5m4vuw-cb16f7533a765dfe5deb6b7ccefa61cf\">\n.avia-image-container.av-kp5m4vuw-cb16f7533a765dfe5deb6b7ccefa61cf img.avia_image{\nbox-shadow:none;\n}\n.avia-image-container.av-kp5m4vuw-cb16f7533a765dfe5deb6b7ccefa61cf .av-image-caption-overlay-center{\ncolor:#ffffff;\n}\n<\/style>\n<div  class='avia-image-container av-kp5m4vuw-cb16f7533a765dfe5deb6b7ccefa61cf av-styling- avia-align-center  avia-builder-el-2  el_before_av_textblock  avia-builder-el-first '   itemprop=\"image\" itemscope=\"itemscope\" itemtype=\"https:\/\/schema.org\/ImageObject\" ><div class=\"avia-image-container-inner\"><div class=\"avia-image-overlay-wrap\"><img decoding=\"async\" class='wp-image-2124 avia-img-lazy-loading-not-2124 avia_image ' src=\"https:\/\/www.hans-platschek-stiftung.de\/wp-content\/uploads\/2021\/01\/hp.png\" alt='' title='hp'  height=\"100\" width=\"100\"  itemprop=\"thumbnailUrl\" srcset=\"https:\/\/www.hans-platschek-stiftung.de\/wp-content\/uploads\/2021\/01\/hp.png 100w, https:\/\/www.hans-platschek-stiftung.de\/wp-content\/uploads\/2021\/01\/hp-80x80.png 80w, https:\/\/www.hans-platschek-stiftung.de\/wp-content\/uploads\/2021\/01\/hp-36x36.png 36w\" sizes=\"(max-width: 100px) 100vw, 100px\" \/><\/div><\/div><\/div><br \/>\n<section  class='av_textblock_section av-kp5m5igf-c0ee3da837c94e3311377f91fa9a75d3'  itemscope=\"itemscope\" itemtype=\"https:\/\/schema.org\/BlogPosting\" itemprop=\"blogPost\" ><div class='avia_textblock'  itemprop=\"text\" ><p style=\"text-align: center;\"><span style=\"color: #9c0f3a;\">Hans Platschek<\/span><\/p>\n<\/div><\/section><\/p><\/div>\n\n<style type=\"text\/css\" data-created_by=\"avia_inline_auto\" id=\"style-css-av-wlo40-0070dbee456433036831cab8836152c2\">\n.flex_column.av-wlo40-0070dbee456433036831cab8836152c2{\n-webkit-border-radius:-50px 0px 0px 0px;\n-moz-border-radius:-50px 0px 0px 0px;\nborder-radius:-50px 0px 0px 0px;\npadding:30px 0px 0px 0px;\n}\n<\/style>\n<div class='flex_column av-wlo40-0070dbee456433036831cab8836152c2 av_three_fifth  avia-builder-el-4  el_after_av_one_fourth  el_before_av_hr  flex_column_div '     ><style type=\"text\/css\" data-created_by=\"avia_inline_auto\" id=\"style-css-av-kp5m7xls-7218266bc1df72f9059c330c08df436f\">\n#top .av-rotator-container.av-kp5m7xls-7218266bc1df72f9059c330c08df436f{\ntext-align:left;\nmargin:0 0 0 -15%;\n}\n#top .av-rotator-container.av-kp5m7xls-7218266bc1df72f9059c330c08df436f .av-rotator-container-inner{\nfont-size:28px;\n}\n<\/style>\n<div  class='av-rotator-container av-rotation-container-left av-kp5m7xls-7218266bc1df72f9059c330c08df436f  avia-builder-el-5  avia-builder-el-no-sibling ' data-interval='3' data-animation='0'><h3 class='av-rotator-container-inner'><span class='av-rotator-text av-rotator-multiline-on'>\n<span class='av-rotator-text-single av-r7f20-e4bb6d7694894b2b5a6c429c1a49b4ff av-rotator-text-single-1'>\u201eDer Ruhm ist notwendig, um innerhalb<\/span>\n<span class='av-rotator-text-single av-k8plc-5e77c38d029cc14fc1a991533ba60942 av-rotator-text-single-2'>der gegebenen Produktionsverh\u00e4ltnisse<\/span>\n<span class='av-rotator-text-single av-fhbu8-39584eda73a4656b7a6567761ca44f9c av-rotator-text-single-3'>die Produktionsmittel sicherzustellen.\u201c <\/span>\n<\/span><\/h3><\/div><\/div>\n<div  class='hr av-hrsz4-b8f950e7ca76df06c9fcb8442782253a hr-default  avia-builder-el-6  el_after_av_three_fifth  el_before_av_layout_row  avia-builder-el-last '><span class='hr-inner '><span class=\"hr-inner-style\"><\/span><\/span><\/div>\n<\/div><\/div><\/div><!-- close content main div --><\/div><\/div><div id='av-layout-grid-1'  class='av-layout-grid-container av-nayq8-150796a580563659f3b9a57d465799c0 entry-content-wrapper main_color av-flex-cells  avia-builder-el-7  el_after_av_hr  el_before_av_layout_row  grid-row-not-first  container_wrap fullsize'  >\n<div class='flex_cell av-ecti8-c9a186719ae260cef1dfb1621f7f5f06 av-gridrow-cell av_one_fourth no_margin  avia-builder-el-8  el_before_av_cell_one_half  avia-builder-el-first ' ><div class='flex_cell_inner'><p>\n<style type=\"text\/css\" data-created_by=\"avia_inline_auto\" id=\"style-css-av-t33s8-6408ad349edf54d9c05f62a16395081d\">\n.avia-image-container.av-t33s8-6408ad349edf54d9c05f62a16395081d img.avia_image{\nbox-shadow:none;\n}\n.avia-image-container.av-t33s8-6408ad349edf54d9c05f62a16395081d .av-image-caption-overlay-center{\ncolor:#ffffff;\n}\n<\/style>\n<div  class='avia-image-container av-t33s8-6408ad349edf54d9c05f62a16395081d av-styling- avia-align-center  avia-builder-el-9  el_before_av_textblock  avia-builder-el-first '   itemprop=\"image\" itemscope=\"itemscope\" itemtype=\"https:\/\/schema.org\/ImageObject\" ><div class=\"avia-image-container-inner\"><div class=\"avia-image-overlay-wrap\"><img decoding=\"async\" class='wp-image-3025 avia-img-lazy-loading-not-3025 avia_image ' src=\"https:\/\/www.hans-platschek-stiftung.de\/wp-content\/uploads\/2021\/05\/art_eichel_2011.jpg\" alt='' title='art_eichel_2011'  height=\"750\" width=\"1000\"  itemprop=\"thumbnailUrl\" srcset=\"https:\/\/www.hans-platschek-stiftung.de\/wp-content\/uploads\/2021\/05\/art_eichel_2011.jpg 1000w, https:\/\/www.hans-platschek-stiftung.de\/wp-content\/uploads\/2021\/05\/art_eichel_2011-300x225.jpg 300w, https:\/\/www.hans-platschek-stiftung.de\/wp-content\/uploads\/2021\/05\/art_eichel_2011-768x576.jpg 768w, https:\/\/www.hans-platschek-stiftung.de\/wp-content\/uploads\/2021\/05\/art_eichel_2011-705x529.jpg 705w\" sizes=\"(max-width: 1000px) 100vw, 1000px\" \/><\/div><\/div><\/div><br \/>\n<section  class='av_textblock_section av-kp5nq3yo-68ca23d1cae2465f3d5925948b723107'  itemscope=\"itemscope\" itemtype=\"https:\/\/schema.org\/BlogPosting\" itemprop=\"blogPost\" ><div class='avia_textblock'  itemprop=\"text\" ><p>Manfred Eichel,<br \/>\nVorstellung des Jurors<br \/>\n<a href=\"https:\/\/www.hans-platschek-stiftung.de\/wp-content\/uploads\/2019\/02\/manfred_eichel_20110505.pdf\">Download PDF <img loading=\"lazy\" decoding=\"async\" class=\"alignnone size-full wp-image-1067\" src=\"https:\/\/www.hans-platschek-stiftung.de\/wp-content\/uploads\/2019\/02\/pdf.jpg\" alt=\"\" width=\"27\" height=\"24\" \/><\/a><\/p>\n<\/div><\/section><\/p>\n<\/div><\/div><div class='flex_cell av-ecti8-c9a186719ae260cef1dfb1621f7f5f06 av-gridrow-cell av_one_half no_margin  avia-builder-el-11  el_after_av_cell_one_fourth  el_before_av_cell_one_fourth ' ><div class='flex_cell_inner'><p>\n<style type=\"text\/css\" data-created_by=\"avia_inline_auto\" id=\"style-css-av-av_heading-c761d73fa050e05745fdef6c8e7a62e6\">\n#top .av-special-heading.av-av_heading-c761d73fa050e05745fdef6c8e7a62e6{\npadding-bottom:10px;\ncolor:#9c0f3a;\n}\nbody .av-special-heading.av-av_heading-c761d73fa050e05745fdef6c8e7a62e6 .av-special-heading-tag .heading-char{\nfont-size:25px;\n}\n.av-special-heading.av-av_heading-c761d73fa050e05745fdef6c8e7a62e6 .special-heading-inner-border{\nborder-color:#9c0f3a;\n}\n.av-special-heading.av-av_heading-c761d73fa050e05745fdef6c8e7a62e6 .av-subheading{\nfont-size:15px;\n}\n<\/style>\n<div  class='av-special-heading av-av_heading-c761d73fa050e05745fdef6c8e7a62e6 av-special-heading-h3 custom-color-heading blockquote modern-quote  avia-builder-el-12  el_before_av_textblock  avia-builder-el-first '><h3 class='av-special-heading-tag'  itemprop=\"headline\"  >Harald Falckenberg<\/h3><div class='av_custom_color av-subheading av-subheading_below'><p>Juror<\/p>\n<\/div><div class=\"special-heading-border\"><div class=\"special-heading-inner-border\"><\/div><\/div><\/div><br \/>\n<section  class='av_textblock_section av-dhw2w-27d2f0211fb73a56f7b9b84745ef1d83'  itemscope=\"itemscope\" itemtype=\"https:\/\/schema.org\/BlogPosting\" itemprop=\"blogPost\" ><div class='avia_textblock'  itemprop=\"text\" ><p>Harald Falckenberg ist Jurist und renommierter Sammler zeitgen\u00f6ssischer Kunst. Er war von 1999 bis 2017 Vorsitzender des Hamburger Kunstvereins, zuvor Gesch\u00e4ftsf\u00fchrer und Mitglied des Hamburger Verfassungsgerichts. Er z\u00e4hlt mit seiner Privatsammlung Falckenberg, die mehr als 2000 Arbeiten umfasst und seit 2011 als Leihgabe zu den Hamburger Deichtorhallen geh\u00f6rt, der internationalen Fachzeitschrift \u201eArtnews\u201c zufolge zu den 200 besten Sammlern weltweit. 2007 erschien sein Buch \u201eAus dem Maschinenraum der Kunst. Aufzeichnungen eines Sammlers\u201c. Harald Falckenberg ist seit 2008 Ehrenprofessor an der Hochschule f\u00fcr bildende K\u00fcnste Hamburg.<\/p>\n<\/div><\/section><\/p>\n<\/div><\/div><div class='flex_cell av-8elbc-d3cbfc29323242633ae62df4d1352043 av-gridrow-cell av_one_fourth no_margin  avia-builder-el-14  el_after_av_cell_one_half  avia-builder-el-last ' ><div class='flex_cell_inner'><p>\n<style type=\"text\/css\" data-created_by=\"avia_inline_auto\" id=\"style-css-av-t33s8-e9d6b05249c6e1c8728d70f4038fdb44\">\n.avia-image-container.av-t33s8-e9d6b05249c6e1c8728d70f4038fdb44 img.avia_image{\nbox-shadow:none;\n}\n.avia-image-container.av-t33s8-e9d6b05249c6e1c8728d70f4038fdb44 .av-image-caption-overlay-center{\ncolor:#ffffff;\n}\n<\/style>\n<div  class='avia-image-container av-t33s8-e9d6b05249c6e1c8728d70f4038fdb44 av-styling- avia-align-center  avia-builder-el-15  el_before_av_textblock  avia-builder-el-first '   itemprop=\"image\" itemscope=\"itemscope\" itemtype=\"https:\/\/schema.org\/ImageObject\" ><div class=\"avia-image-container-inner\"><div class=\"avia-image-overlay-wrap\"><img decoding=\"async\" class='wp-image-3026 avia-img-lazy-loading-not-3026 avia_image ' src=\"https:\/\/www.hans-platschek-stiftung.de\/wp-content\/uploads\/2021\/05\/art_falckenberg_2011.jpg\" alt='' title='art_falckenberg_2011'  height=\"750\" width=\"1000\"  itemprop=\"thumbnailUrl\" srcset=\"https:\/\/www.hans-platschek-stiftung.de\/wp-content\/uploads\/2021\/05\/art_falckenberg_2011.jpg 1000w, https:\/\/www.hans-platschek-stiftung.de\/wp-content\/uploads\/2021\/05\/art_falckenberg_2011-300x225.jpg 300w, https:\/\/www.hans-platschek-stiftung.de\/wp-content\/uploads\/2021\/05\/art_falckenberg_2011-768x576.jpg 768w, https:\/\/www.hans-platschek-stiftung.de\/wp-content\/uploads\/2021\/05\/art_falckenberg_2011-705x529.jpg 705w\" sizes=\"(max-width: 1000px) 100vw, 1000px\" \/><\/div><\/div><\/div><br \/>\n<section  class='av_textblock_section av-kp5nq3yo-68ca23d1cae2465f3d5925948b723107'  itemscope=\"itemscope\" itemtype=\"https:\/\/schema.org\/BlogPosting\" itemprop=\"blogPost\" ><div class='avia_textblock'  itemprop=\"text\" ><p>Harald Falckenberg,<br \/>\nLaudatio auf Werner B\u00fcttner<br \/>\n<a href=\"https:\/\/www.hans-platschek-stiftung.de\/wp-content\/uploads\/2019\/02\/harald_falckenberg_20110310.pdf\">Download PDF <img loading=\"lazy\" decoding=\"async\" class=\"alignnone size-full wp-image-1067\" src=\"https:\/\/www.hans-platschek-stiftung.de\/wp-content\/uploads\/2019\/02\/pdf.jpg\" alt=\"\" width=\"27\" height=\"24\" \/><\/a><\/p>\n<\/div><\/section><\/p>\n<\/div><\/div><\/div><div id='av-layout-grid-2'  class='av-layout-grid-container av-nayq8-150796a580563659f3b9a57d465799c0 entry-content-wrapper main_color av-flex-cells  avia-builder-el-17  el_after_av_layout_row  el_before_av_section  grid-row-not-first  container_wrap fullsize'  >\n<div class='flex_cell av-ecti8-c9a186719ae260cef1dfb1621f7f5f06 av-gridrow-cell av_one_fourth no_margin  avia-builder-el-18  el_before_av_cell_one_half  avia-builder-el-first ' ><div class='flex_cell_inner'><p>\n<style type=\"text\/css\" data-created_by=\"avia_inline_auto\" id=\"style-css-av-t33s8-bfe2635546071c704acb4877fdf40ddf\">\n.avia-image-container.av-t33s8-bfe2635546071c704acb4877fdf40ddf img.avia_image{\nbox-shadow:none;\n}\n.avia-image-container.av-t33s8-bfe2635546071c704acb4877fdf40ddf .av-image-caption-overlay-center{\ncolor:#ffffff;\n}\n<\/style>\n<div  class='avia-image-container av-t33s8-bfe2635546071c704acb4877fdf40ddf av-styling- avia-align-center  avia-builder-el-19  el_before_av_textblock  avia-builder-el-first '   itemprop=\"image\" itemscope=\"itemscope\" itemtype=\"https:\/\/schema.org\/ImageObject\" ><div class=\"avia-image-container-inner\"><div class=\"avia-image-overlay-wrap\"><img decoding=\"async\" class='wp-image-3023 avia-img-lazy-loading-not-3023 avia_image ' src=\"https:\/\/www.hans-platschek-stiftung.de\/wp-content\/uploads\/2021\/05\/art_kg_2011.jpg\" alt='' title='art_kg_2011'  height=\"750\" width=\"1000\"  itemprop=\"thumbnailUrl\" srcset=\"https:\/\/www.hans-platschek-stiftung.de\/wp-content\/uploads\/2021\/05\/art_kg_2011.jpg 1000w, https:\/\/www.hans-platschek-stiftung.de\/wp-content\/uploads\/2021\/05\/art_kg_2011-300x225.jpg 300w, https:\/\/www.hans-platschek-stiftung.de\/wp-content\/uploads\/2021\/05\/art_kg_2011-768x576.jpg 768w, https:\/\/www.hans-platschek-stiftung.de\/wp-content\/uploads\/2021\/05\/art_kg_2011-705x529.jpg 705w\" sizes=\"(max-width: 1000px) 100vw, 1000px\" \/><\/div><\/div><\/div><br \/>\n<section  class='av_textblock_section av-kp5nq3yo-68ca23d1cae2465f3d5925948b723107'  itemscope=\"itemscope\" itemtype=\"https:\/\/schema.org\/BlogPosting\" itemprop=\"blogPost\" ><div class='avia_textblock'  itemprop=\"text\" ><p>Kurt Groenewold zur Verleihung<br \/>\ndes Hans Platschek Preises<br \/>\n<a href=\"https:\/\/www.hans-platschek-stiftung.de\/wp-content\/uploads\/2019\/02\/kurt_groenewold_20110310.pdf\">Download PDF <img loading=\"lazy\" decoding=\"async\" class=\"alignnone size-full wp-image-1067\" src=\"https:\/\/www.hans-platschek-stiftung.de\/wp-content\/uploads\/2019\/02\/pdf.jpg\" alt=\"\" width=\"27\" height=\"24\" \/><\/a><\/p>\n<\/div><\/section><\/p>\n<\/div><\/div><div class='flex_cell av-ecti8-c9a186719ae260cef1dfb1621f7f5f06 av-gridrow-cell av_one_half no_margin  avia-builder-el-21  el_after_av_cell_one_fourth  el_before_av_cell_one_fourth ' ><div class='flex_cell_inner'><p>\n<style type=\"text\/css\" data-created_by=\"avia_inline_auto\" id=\"style-css-av-av_heading-bcc8359c707af4c5fdcdcacc431ecfa0\">\n#top .av-special-heading.av-av_heading-bcc8359c707af4c5fdcdcacc431ecfa0{\npadding-bottom:10px;\ncolor:#9c0f3a;\n}\nbody .av-special-heading.av-av_heading-bcc8359c707af4c5fdcdcacc431ecfa0 .av-special-heading-tag .heading-char{\nfont-size:25px;\n}\n.av-special-heading.av-av_heading-bcc8359c707af4c5fdcdcacc431ecfa0 .special-heading-inner-border{\nborder-color:#9c0f3a;\n}\n.av-special-heading.av-av_heading-bcc8359c707af4c5fdcdcacc431ecfa0 .av-subheading{\nfont-size:15px;\n}\n<\/style>\n<div  class='av-special-heading av-av_heading-bcc8359c707af4c5fdcdcacc431ecfa0 av-special-heading-h3 custom-color-heading blockquote modern-quote  avia-builder-el-22  el_before_av_textblock  avia-builder-el-first '><h3 class='av-special-heading-tag'  itemprop=\"headline\"  >Werner B\u00fcttner<\/h3><div class='av_custom_color av-subheading av-subheading_below'><p>Preistr\u00e4ger<\/p>\n<\/div><div class=\"special-heading-border\"><div class=\"special-heading-inner-border\"><\/div><\/div><\/div><br \/>\n<section  class='av_textblock_section av-dhw2w-27d2f0211fb73a56f7b9b84745ef1d83'  itemscope=\"itemscope\" itemtype=\"https:\/\/schema.org\/BlogPosting\" itemprop=\"blogPost\" ><div class='avia_textblock'  itemprop=\"text\" ><p>Werner B\u00fcttner studierte an der Freien Universit\u00e4t Berlin Rechtswissenschaften und arbeitete als Sozialhelfer in der Justizvollzugsanstalt Tegel. Er war Mitbegr\u00fcnder mehrerer Organisationen, das \u201eDum-Dum-Liga-Journal\u201c sowie einer Samenbank f\u00fcr DDR-Fl\u00fcchtlinge. 1976 gr\u00fcndete er mit Albert Oehlen die \u201eLiga zur Bek\u00e4mpfung des widerspr\u00fcchlichen Verhaltens\u201c. Seit 1989 ist B\u00fcttner Professor f\u00fcr Malerei an der Hochschule f\u00fcr Bildende K\u00fcnste, Hamburg.<\/p>\n<p>\u201e\u201aDie Koffer des Systems sind mir zu schwer\u2018, sagt Werner B\u00fcttner. Er malt Themen und Inhalte, Dinge, Menschen und Situationen, bevorzugt dabei das Fragmentarische, Aphoristische, die R\u00e4tselrede und das kleine poetische Dickicht. Die expressive Malweise t\u00e4uscht Eindeutigkeit nur vor, das Literarische, Titel oder begleitender Text, er\u00f6ffnet demgegen\u00fcber ein Feld von Widerspr\u00fcchen, Spott und Sarkasmen. Werner B\u00fcttners Kunst umspielt in allen Varianten das Prinzip Scheitern.\u201c (aus der Laudatio von Harald Falckenberg)<\/p>\n<p>Zu Werner B\u00fcttners zahlreichen Einzel- und Gruppenausstellungen geh\u00f6ren La Nouvelle Biennale de Paris 1985 und 2012 \u201ePrint\/Out\u201c im Museum of Modern Art, New York sowie 2013 und 2014 \u201eGemeine Wahrheiten\u201c im Museum f\u00fcr Moderne Kunst, Weserburg.<\/p>\n<\/div><\/section><\/p>\n<\/div><\/div><div class='flex_cell av-8elbc-d3cbfc29323242633ae62df4d1352043 av-gridrow-cell av_one_fourth no_margin  avia-builder-el-24  el_after_av_cell_one_half  avia-builder-el-last ' ><div class='flex_cell_inner'><p>\n<style type=\"text\/css\" data-created_by=\"avia_inline_auto\" id=\"style-css-av-t33s8-61e6115ff13f2f6459044ca34aa9815e\">\n.avia-image-container.av-t33s8-61e6115ff13f2f6459044ca34aa9815e img.avia_image{\nbox-shadow:none;\n}\n.avia-image-container.av-t33s8-61e6115ff13f2f6459044ca34aa9815e .av-image-caption-overlay-center{\ncolor:#ffffff;\n}\n<\/style>\n<div  class='avia-image-container av-t33s8-61e6115ff13f2f6459044ca34aa9815e av-styling- avia-align-center  avia-builder-el-25  el_before_av_textblock  avia-builder-el-first '   itemprop=\"image\" itemscope=\"itemscope\" itemtype=\"https:\/\/schema.org\/ImageObject\" ><div class=\"avia-image-container-inner\"><div class=\"avia-image-overlay-wrap\"><img decoding=\"async\" class='wp-image-3024 avia-img-lazy-loading-not-3024 avia_image ' src=\"https:\/\/www.hans-platschek-stiftung.de\/wp-content\/uploads\/2021\/05\/art_buettner_kl_2011.jpg\" alt='' title='art_buettner_kl_2011'  height=\"750\" width=\"1000\"  itemprop=\"thumbnailUrl\" srcset=\"https:\/\/www.hans-platschek-stiftung.de\/wp-content\/uploads\/2021\/05\/art_buettner_kl_2011.jpg 1000w, https:\/\/www.hans-platschek-stiftung.de\/wp-content\/uploads\/2021\/05\/art_buettner_kl_2011-300x225.jpg 300w, https:\/\/www.hans-platschek-stiftung.de\/wp-content\/uploads\/2021\/05\/art_buettner_kl_2011-768x576.jpg 768w, https:\/\/www.hans-platschek-stiftung.de\/wp-content\/uploads\/2021\/05\/art_buettner_kl_2011-705x529.jpg 705w\" sizes=\"(max-width: 1000px) 100vw, 1000px\" \/><\/div><\/div><\/div><br \/>\n<section  class='av_textblock_section av-kp5nq3yo-68ca23d1cae2465f3d5925948b723107'  itemscope=\"itemscope\" itemtype=\"https:\/\/schema.org\/BlogPosting\" itemprop=\"blogPost\" ><div class='avia_textblock'  itemprop=\"text\" ><p>Werner B\u00fcttner,<br \/>\nDankrede<br \/>\nDonnerstag, 10. M\u00e4rz 2011<br \/>\n<a href=\"https:\/\/www.hans-platschek-stiftung.de\/wp-content\/uploads\/2019\/02\/werner_buettner_20110310.pdf\">Download PDF <img loading=\"lazy\" decoding=\"async\" class=\"alignnone size-full wp-image-1067\" src=\"https:\/\/www.hans-platschek-stiftung.de\/wp-content\/uploads\/2019\/02\/pdf.jpg\" alt=\"\" width=\"27\" height=\"24\" \/><\/a><\/p>\n<\/div><\/section><\/p>\n<\/div><\/div><\/div>\n<style type=\"text\/css\" data-created_by=\"avia_inline_auto\" id=\"style-css-av-kp432a29-866711990f972a474809e0f63ffedf12\">\n.avia-section.av-kp432a29-866711990f972a474809e0f63ffedf12{\nbackground-color:#efefef;\nbackground-image:unset;\n}\n<\/style>\n<div id='av_section_1'  class='avia-section av-kp432a29-866711990f972a474809e0f63ffedf12 main_color avia-section-default avia-no-border-styling  avia-builder-el-27  el_after_av_layout_row  el_before_av_hr  avia-bg-style-scroll container_wrap fullsize'  ><div class='container av-section-cont-open' ><div class='template-page content  av-content-full alpha units'><div class='post-entry post-entry-type-page post-entry-736'><div class='entry-content-wrapper clearfix'>\n\n<style type=\"text\/css\" data-created_by=\"avia_inline_auto\" id=\"style-css-av-dgryg-05b6c6c680445f564cf9c86fd15a9821\">\n.flex_column.av-dgryg-05b6c6c680445f564cf9c86fd15a9821{\n-webkit-border-radius:0px 0px 0px 0px;\n-moz-border-radius:0px 0px 0px 0px;\nborder-radius:0px 0px 0px 0px;\npadding:0px 0px 0px 0px;\n}\n<\/style>\n<div class='flex_column av-dgryg-05b6c6c680445f564cf9c86fd15a9821 av_one_fifth  avia-builder-el-28  el_before_av_three_fifth  avia-builder-el-first  first flex_column_div av-zero-column-padding '     ><\/div>\n<style type=\"text\/css\" data-created_by=\"avia_inline_auto\" id=\"style-css-av-a97go-d8f29d4ef7bf2a087b5336477df219c8\">\n.flex_column.av-a97go-d8f29d4ef7bf2a087b5336477df219c8{\n-webkit-border-radius:0px 0px 0px 0px;\n-moz-border-radius:0px 0px 0px 0px;\nborder-radius:0px 0px 0px 0px;\npadding:0px 0px 0px 0px;\n}\n<\/style>\n<div class='flex_column av-a97go-d8f29d4ef7bf2a087b5336477df219c8 av_three_fifth  avia-builder-el-29  el_after_av_one_fifth  avia-builder-el-last  flex_column_div av-zero-column-padding '     ><section  class='av_textblock_section av-kp436gn7-36ac48031374060da7c6bd744a582822'  itemscope=\"itemscope\" itemtype=\"https:\/\/schema.org\/BlogPosting\" itemprop=\"blogPost\" ><div class='avia_textblock'  itemprop=\"text\" ><h2>Platschek kommentiert<\/h2>\n<h4>Werner B\u00fcttner zu Platscheks Gem\u00e4lde<br \/>\n\u201eEngl\u00e4nder auf dem Weg nach Wembley\u201d (1966)<\/h4>\n<blockquote>\n<div id=\"attachment_2889\" style=\"width: 254px\" class=\"wp-caption alignright\"><a href=\"https:\/\/www.hans-platschek-stiftung.de\/wp-content\/uploads\/2021\/05\/Englaender.png\"><img loading=\"lazy\" decoding=\"async\" aria-describedby=\"caption-attachment-2889\" class=\"wp-image-2889 size-medium\" src=\"https:\/\/www.hans-platschek-stiftung.de\/wp-content\/uploads\/2021\/05\/Englaender-244x300.png\" alt=\"\" width=\"244\" height=\"300\" srcset=\"https:\/\/www.hans-platschek-stiftung.de\/wp-content\/uploads\/2021\/05\/Englaender-244x300.png 244w, https:\/\/www.hans-platschek-stiftung.de\/wp-content\/uploads\/2021\/05\/Englaender.png 574w\" sizes=\"auto, (max-width: 244px) 100vw, 244px\" \/><\/a><p id=\"caption-attachment-2889\" class=\"wp-caption-text\">Engl\u00e4nder auf dem Weg nach Wembley<br \/>\u00d6l auf Leinwand, 1966, <br \/>98 x 80 cm, unsigniert<\/p><\/div>\n<p>Mein eitelstes, finales Beurteilungskriterium eines Bildes ist die Frage \u201eW\u00fcrdest Du es in Deinem Haus haben wollen?\u201c Hans Platscheks \u201eEngl\u00e4nder auf dem Weg nach Wembley\u201c von 1966 geh\u00f6rt dazu. Ich wei\u00df nicht, ob er es vor oder nach dem umstrittenen Endspielsieg der Engl\u00e4nder gegen die Deutschen gemalt hat. Ist auch wurscht. In dem Bild hat er die Sprache des Informel weiterentwickelt. Es gibt stilistisch Anleihen bei Bacon, doch hat er das existentialistische Entsetzen Bacons durch die Freude an der Nichtigkeit Fu\u00dfball radikal geerdet. Au\u00dferdem hat er Bacons immer gleiche Raumbehandlung revolution\u00e4r reduziert und mit Humor geflutet. Ich w\u00fcrde das Bild h\u00e4ngen.<\/p>\n<\/blockquote>\n<p>26. April 2021<\/p>\n<\/div><\/section><\/div>\n<\/div><\/div><\/div><!-- close content main div --><\/div><\/div><div id='after_section_1'  class='main_color av_default_container_wrap container_wrap fullsize'  ><div class='container av-section-cont-open' ><div class='template-page content  av-content-full alpha units'><div class='post-entry post-entry-type-page post-entry-736'><div class='entry-content-wrapper clearfix'><\/p>\n\n<style type=\"text\/css\" data-created_by=\"avia_inline_auto\" id=\"style-css-av-kri0uvzd-af6c98dbc2a9fae5b78517e56a2b889c\">\n#top .hr.hr-invisible.av-kri0uvzd-af6c98dbc2a9fae5b78517e56a2b889c{\nmargin-top:0px;\nheight:1px;\n}\n<\/style>\n<div  class='hr av-kri0uvzd-af6c98dbc2a9fae5b78517e56a2b889c hr-invisible  avia-builder-el-31  el_after_av_section  el_before_av_slideshow_full  avia-builder-el-no-sibling '><span class='hr-inner '><span class=\"hr-inner-style\"><\/span><\/span><\/div>\n<\/div><\/div><\/div><!-- close content main div --><\/div><\/div><div id='full_slider_2'  class='avia-fullwidth-slider main_color avia-shadow   avia-builder-el-32  el_after_av_hr  el_before_av_textblock   slider-not-first container_wrap fullsize'  ><div  class='avia-slideshow av-kpmvd5fd-63960de02f0800e405e60b36fd10e55d avia-slideshow-no scaling av_slideshow_full avia-slide-slider av-slideshow-ui av-control-default av-slideshow-manual av-loop-once av-loop-manual-endless av-default-height-applied  image_no_stretch avia-slideshow-2' data-slideshow-options=\"{&quot;animation&quot;:&quot;slide&quot;,&quot;autoplay&quot;:false,&quot;loop_autoplay&quot;:&quot;once&quot;,&quot;interval&quot;:5,&quot;loop_manual&quot;:&quot;manual-endless&quot;,&quot;autoplay_stopper&quot;:false,&quot;noNavigation&quot;:false,&quot;bg_slider&quot;:false,&quot;keep_padding&quot;:false,&quot;hoverpause&quot;:false,&quot;show_slide_delay&quot;:0}\"  itemprop=\"image\" itemscope=\"itemscope\" itemtype=\"https:\/\/schema.org\/ImageObject\" ><ul class='avia-slideshow-inner ' style='padding-bottom: 28.666666666667%;'><li  class='avia-slideshow-slide av-kpmvd5fd-63960de02f0800e405e60b36fd10e55d__0  av-single-slide slide-1 slide-odd'><div data-rel='slideshow-2' class='avia-slide-wrap '   ><img decoding=\"async\" class=\"wp-image-3450 avia-img-lazy-loading-not-3450\"  src=\"https:\/\/www.hans-platschek-stiftung.de\/wp-content\/uploads\/2021\/07\/buettner_quer.jpg\" width=\"1500\" height=\"430\" title='buettner_quer' alt=''  itemprop=\"thumbnailUrl\" srcset=\"https:\/\/www.hans-platschek-stiftung.de\/wp-content\/uploads\/2021\/07\/buettner_quer.jpg 1500w, https:\/\/www.hans-platschek-stiftung.de\/wp-content\/uploads\/2021\/07\/buettner_quer-300x86.jpg 300w, https:\/\/www.hans-platschek-stiftung.de\/wp-content\/uploads\/2021\/07\/buettner_quer-1030x295.jpg 1030w, https:\/\/www.hans-platschek-stiftung.de\/wp-content\/uploads\/2021\/07\/buettner_quer-768x220.jpg 768w, https:\/\/www.hans-platschek-stiftung.de\/wp-content\/uploads\/2021\/07\/buettner_quer-705x202.jpg 705w\" sizes=\"(max-width: 1500px) 100vw, 1500px\" \/><\/div><\/li><\/ul><\/div><\/div><div id='after_full_slider_2'  class='main_color av_default_container_wrap container_wrap fullsize'  ><div class='container av-section-cont-open' ><div class='template-page content  av-content-full alpha units'><div class='post-entry post-entry-type-page post-entry-736'><div class='entry-content-wrapper clearfix'>\n<section  class='av_textblock_section av-jrc8vcpf-16491d0b808adb6d443304c1e8e1fd95'  itemscope=\"itemscope\" itemtype=\"https:\/\/schema.org\/BlogPosting\" itemprop=\"blogPost\" ><div class='avia_textblock'  itemprop=\"text\" ><p>Fotos: <a href=\"http:\/\/www.juergenroesner.de\/\" target=\"_blank\" rel=\"noopener\">J\u00fcrgen R\u00f6sner<\/a><\/p>\n<\/div><\/section>\n","protected":false},"excerpt":{"rendered":"","protected":false},"author":1,"featured_media":737,"comment_status":"closed","ping_status":"closed","sticky":false,"template":"","format":"standard","meta":{"footnotes":""},"categories":[37],"tags":[],"class_list":["post-736","post","type-post","status-publish","format-standard","has-post-thumbnail","hentry","category-preisverleihungen"],"_links":{"self":[{"href":"https:\/\/www.hans-platschek-stiftung.de\/index.php?rest_route=\/wp\/v2\/posts\/736","targetHints":{"allow":["GET"]}}],"collection":[{"href":"https:\/\/www.hans-platschek-stiftung.de\/index.php?rest_route=\/wp\/v2\/posts"}],"about":[{"href":"https:\/\/www.hans-platschek-stiftung.de\/index.php?rest_route=\/wp\/v2\/types\/post"}],"author":[{"embeddable":true,"href":"https:\/\/www.hans-platschek-stiftung.de\/index.php?rest_route=\/wp\/v2\/users\/1"}],"replies":[{"embeddable":true,"href":"https:\/\/www.hans-platschek-stiftung.de\/index.php?rest_route=%2Fwp%2Fv2%2Fcomments&post=736"}],"version-history":[{"count":41,"href":"https:\/\/www.hans-platschek-stiftung.de\/index.php?rest_route=\/wp\/v2\/posts\/736\/revisions"}],"predecessor-version":[{"id":3561,"href":"https:\/\/www.hans-platschek-stiftung.de\/index.php?rest_route=\/wp\/v2\/posts\/736\/revisions\/3561"}],"wp:featuredmedia":[{"embeddable":true,"href":"https:\/\/www.hans-platschek-stiftung.de\/index.php?rest_route=\/wp\/v2\/media\/737"}],"wp:attachment":[{"href":"https:\/\/www.hans-platschek-stiftung.de\/index.php?rest_route=%2Fwp%2Fv2%2Fmedia&parent=736"}],"wp:term":[{"taxonomy":"category","embeddable":true,"href":"https:\/\/www.hans-platschek-stiftung.de\/index.php?rest_route=%2Fwp%2Fv2%2Fcategories&post=736"},{"taxonomy":"post_tag","embeddable":true,"href":"https:\/\/www.hans-platschek-stiftung.de\/index.php?rest_route=%2Fwp%2Fv2%2Ftags&post=736"}],"curies":[{"name":"wp","href":"https:\/\/api.w.org\/{rel}","templated":true}]}}