{"id":723,"date":"2012-03-08T17:10:54","date_gmt":"2012-03-08T16:10:54","guid":{"rendered":"http:\/\/hps.kitagmbh.de\/?p=723"},"modified":"2021-11-18T08:48:57","modified_gmt":"2021-11-18T07:48:57","slug":"preisverleihung-2012","status":"publish","type":"post","link":"https:\/\/www.hans-platschek-stiftung.de\/?p=723","title":{"rendered":"Rolf Bier, Preistr\u00e4ger 2012"},"content":{"rendered":"<div id='full_slider_1'  class='avia-fullwidth-slider main_color avia-shadow   avia-builder-el-0  el_before_av_one_fifth  avia-builder-el-first   container_wrap fullsize'  ><div  class='avia-slideshow av-cty6r-7f5b3cc8d280c586350b19803368e4c8 avia-slideshow-featured av_slideshow_full avia-slide-slider av-slideshow-ui av-control-default av-slideshow-manual av-loop-once av-loop-manual-endless av-default-height-applied  image_no_stretch avia-slideshow-1' data-slideshow-options=\"{&quot;animation&quot;:&quot;slide&quot;,&quot;autoplay&quot;:false,&quot;loop_autoplay&quot;:&quot;once&quot;,&quot;interval&quot;:5,&quot;loop_manual&quot;:&quot;manual-endless&quot;,&quot;autoplay_stopper&quot;:false,&quot;noNavigation&quot;:false,&quot;bg_slider&quot;:false,&quot;keep_padding&quot;:false,&quot;hoverpause&quot;:false,&quot;show_slide_delay&quot;:0}\"  itemprop=\"image\" itemscope=\"itemscope\" itemtype=\"https:\/\/schema.org\/ImageObject\" ><ul class='avia-slideshow-inner ' style='padding-bottom: 28.666666666667%;'><li  class='avia-slideshow-slide av-cty6r-7f5b3cc8d280c586350b19803368e4c8__0  av-single-slide slide-1 slide-odd'><div data-rel='slideshow-1' class='avia-slide-wrap '   ><div class='av-slideshow-caption av-cty6r-7f5b3cc8d280c586350b19803368e4c8__0 caption_fullwidth caption_bottom caption_bottom_framed caption_framed'><div class=\"container caption_container\"><div class=\"slideshow_caption\"><div class=\"slideshow_inner_caption\"><div class=\"slideshow_align_caption\"><h2 class='avia-caption-title '  itemprop=\"name\" >Hans Platschek Preis f\u00fcr Kunst und Schrift 2012<br \/>\nRolf Bier<\/h2><\/div><\/div><\/div><\/div><\/div><img decoding=\"async\" class=\"wp-image-1138 avia-img-lazy-loading-not-1138\"  src=\"https:\/\/www.hans-platschek-stiftung.de\/wp-content\/uploads\/2019\/02\/5_art_Karlsruhe_2012_0764-1500x430.jpg\" width=\"1500\" height=\"430\" title='art_Karlsruhe_2012_0764' alt=''  itemprop=\"thumbnailUrl\"   \/><\/div><\/li><\/ul><\/div><\/div><div id='after_full_slider_1'  class='main_color av_default_container_wrap container_wrap fullsize'  ><div class='container av-section-cont-open' ><div class='template-page content  av-content-full alpha units'><div class='post-entry post-entry-type-page post-entry-723'><div class='entry-content-wrapper clearfix'>\n\n<style type=\"text\/css\" data-created_by=\"avia_inline_auto\" id=\"style-css-av-17zjdg-f4f2863f9e2f1d1a405b6a9acf48e749\">\n.flex_column.av-17zjdg-f4f2863f9e2f1d1a405b6a9acf48e749{\n-webkit-border-radius:0px 0px 0px 0px;\n-moz-border-radius:0px 0px 0px 0px;\nborder-radius:0px 0px 0px 0px;\npadding:0px 0px 0px 0px;\n}\n<\/style>\n<div class='flex_column av-17zjdg-f4f2863f9e2f1d1a405b6a9acf48e749 av_one_fifth  avia-builder-el-1  el_after_av_slideshow_full  el_before_av_four_fifth  avia-builder-el-first  first flex_column_div av-zero-column-padding '     ><p>\n<style type=\"text\/css\" data-created_by=\"avia_inline_auto\" id=\"style-css-av-kpdyrt2q-b8211d32c0791a8e9f11ddcbb24142c8\">\n.avia-image-container.av-kpdyrt2q-b8211d32c0791a8e9f11ddcbb24142c8 img.avia_image{\nbox-shadow:none;\n}\n.avia-image-container.av-kpdyrt2q-b8211d32c0791a8e9f11ddcbb24142c8 .av-image-caption-overlay-center{\ncolor:#ffffff;\n}\n<\/style>\n<div  class='avia-image-container av-kpdyrt2q-b8211d32c0791a8e9f11ddcbb24142c8 av-styling- avia-align-center  avia-builder-el-2  el_before_av_textblock  avia-builder-el-first '   itemprop=\"image\" itemscope=\"itemscope\" itemtype=\"https:\/\/schema.org\/ImageObject\" ><div class=\"avia-image-container-inner\"><div class=\"avia-image-overlay-wrap\"><img decoding=\"async\" class='wp-image-2124 avia-img-lazy-loading-not-2124 avia_image ' src=\"https:\/\/www.hans-platschek-stiftung.de\/wp-content\/uploads\/2021\/01\/hp.png\" alt='' title='hp'  height=\"100\" width=\"100\"  itemprop=\"thumbnailUrl\" srcset=\"https:\/\/www.hans-platschek-stiftung.de\/wp-content\/uploads\/2021\/01\/hp.png 100w, https:\/\/www.hans-platschek-stiftung.de\/wp-content\/uploads\/2021\/01\/hp-80x80.png 80w, https:\/\/www.hans-platschek-stiftung.de\/wp-content\/uploads\/2021\/01\/hp-36x36.png 36w\" sizes=\"(max-width: 100px) 100vw, 100px\" \/><\/div><\/div><\/div><br \/>\n<section  class='av_textblock_section av-kpdys462-d156f0de4ce9e8b483bbd0edc3a60e00'  itemscope=\"itemscope\" itemtype=\"https:\/\/schema.org\/BlogPosting\" itemprop=\"blogPost\" ><div class='avia_textblock'  itemprop=\"text\" ><p style=\"text-align: center;\"><span style=\"color: #9c0f3a;\">Hans Platschek<\/span><\/p>\n<\/div><\/section><\/p><\/div>\n\n<style type=\"text\/css\" data-created_by=\"avia_inline_auto\" id=\"style-css-av-34d6k-85b3d4017a14945aaf20bf14b1d33f6d\">\n.flex_column.av-34d6k-85b3d4017a14945aaf20bf14b1d33f6d{\n-webkit-border-radius:-50px -50px -50px -50px;\n-moz-border-radius:-50px -50px -50px -50px;\nborder-radius:-50px -50px -50px -50px;\npadding:30px 0px 0px 0px;\n}\n<\/style>\n<div class='flex_column av-34d6k-85b3d4017a14945aaf20bf14b1d33f6d av_four_fifth  avia-builder-el-4  el_after_av_one_fifth  el_before_av_hr  flex_column_div '     ><style type=\"text\/css\" data-created_by=\"avia_inline_auto\" id=\"style-css-av-kpdyvamj-3aac0759575e0dd7365a2cf8bb1cd6d9\">\n#top .av-rotator-container.av-kpdyvamj-3aac0759575e0dd7365a2cf8bb1cd6d9{\ntext-align:left;\nmargin:0 0 0 -8%;\n}\n#top .av-rotator-container.av-kpdyvamj-3aac0759575e0dd7365a2cf8bb1cd6d9 .av-rotator-container-inner{\nfont-size:28px;\n}\n<\/style>\n<div  class='av-rotator-container av-rotation-container-left av-kpdyvamj-3aac0759575e0dd7365a2cf8bb1cd6d9  avia-builder-el-5  avia-builder-el-no-sibling ' data-interval='3' data-animation='0'><h3 class='av-rotator-container-inner'><span class='av-rotator-text av-rotator-multiline-off'>\n<span class='av-rotator-text-single av-j9dz7-046cbfc9e7ab1e031f1971e514ed4f05 av-rotator-text-single-1'>\u201eMalerei ist Handwerk.\u201c <\/span>\n<span class='av-rotator-text-single av-hf46b-93699a086d0a0edf1fe9201cf2d6e26f av-rotator-text-single-2'><\/span>\n<\/span><\/h3><\/div><\/div>\n<div  class='hr av-dscm3-dc437c653ea9e9513ef514b54ee169f3 hr-default  avia-builder-el-6  el_after_av_four_fifth  el_before_av_layout_row  avia-builder-el-last '><span class='hr-inner '><span class=\"hr-inner-style\"><\/span><\/span><\/div>\n<\/div><\/div><\/div><!-- close content main div --><\/div><\/div><div id='av-layout-grid-1'  class='av-layout-grid-container av-1gqw42-143fbb91123d5876cfe725163f898e5e entry-content-wrapper main_color av-flex-cells  avia-builder-el-7  el_after_av_hr  el_before_av_layout_row  grid-row-not-first  container_wrap fullsize'  >\n<div class='flex_cell av-18jytu-01266096acd0e1bd1c2e215d188eb97e av-gridrow-cell av_one_fourth no_margin  avia-builder-el-8  el_before_av_cell_one_half  avia-builder-el-first ' ><div class='flex_cell_inner'><p>\n<style type=\"text\/css\" data-created_by=\"avia_inline_auto\" id=\"style-css-av-125ska-2c4ba4209fa3c2cd494f7502bfa05c4b\">\n.avia-image-container.av-125ska-2c4ba4209fa3c2cd494f7502bfa05c4b img.avia_image{\nbox-shadow:none;\n}\n.avia-image-container.av-125ska-2c4ba4209fa3c2cd494f7502bfa05c4b .av-image-caption-overlay-center{\ncolor:#ffffff;\n}\n<\/style>\n<div  class='avia-image-container av-125ska-2c4ba4209fa3c2cd494f7502bfa05c4b av-styling- avia-align-center  avia-builder-el-9  el_before_av_textblock  avia-builder-el-first '   itemprop=\"image\" itemscope=\"itemscope\" itemtype=\"https:\/\/schema.org\/ImageObject\" ><div class=\"avia-image-container-inner\"><div class=\"avia-image-overlay-wrap\"><img decoding=\"async\" class='wp-image-3117 avia-img-lazy-loading-not-3117 avia_image ' src=\"https:\/\/www.hans-platschek-stiftung.de\/wp-content\/uploads\/2021\/06\/eichel.jpg\" alt='' title='eichel'  height=\"750\" width=\"1000\"  itemprop=\"thumbnailUrl\" srcset=\"https:\/\/www.hans-platschek-stiftung.de\/wp-content\/uploads\/2021\/06\/eichel.jpg 1000w, https:\/\/www.hans-platschek-stiftung.de\/wp-content\/uploads\/2021\/06\/eichel-300x225.jpg 300w, https:\/\/www.hans-platschek-stiftung.de\/wp-content\/uploads\/2021\/06\/eichel-768x576.jpg 768w, https:\/\/www.hans-platschek-stiftung.de\/wp-content\/uploads\/2021\/06\/eichel-705x529.jpg 705w\" sizes=\"(max-width: 1000px) 100vw, 1000px\" \/><\/div><\/div><\/div><br \/>\n<section  class='av_textblock_section av-kpe00ac6-9d008e80f7af9adc5ae77d767fd22519'  itemscope=\"itemscope\" itemtype=\"https:\/\/schema.org\/BlogPosting\" itemprop=\"blogPost\" ><div class='avia_textblock'  itemprop=\"text\" ><p>Manfred Eichel, Vorstellung des Jurors Ulrich Krempel<br \/>\n<a href=\"https:\/\/www.hans-platschek-stiftung.de\/wp-content\/uploads\/2019\/02\/Manfred_Eichel_2012.pdf\">Download PDF <img loading=\"lazy\" decoding=\"async\" class=\"alignnone size-full wp-image-1067\" src=\"https:\/\/www.hans-platschek-stiftung.de\/wp-content\/uploads\/2019\/02\/pdf.jpg\" alt=\"\" width=\"27\" height=\"24\" \/><\/a><\/p>\n<\/div><\/section><\/p>\n<\/div><\/div><div class='flex_cell av-y90nu-35492545f4b1d07b86ed2e7366946734 av-gridrow-cell av_one_half no_margin  avia-builder-el-11  el_after_av_cell_one_fourth  el_before_av_cell_one_fourth ' ><div class='flex_cell_inner'><p>\n<style type=\"text\/css\" data-created_by=\"avia_inline_auto\" id=\"style-css-av-e7zvv-cddbe22755e83e054259c091c8d69fb0\">\n#top .av-special-heading.av-e7zvv-cddbe22755e83e054259c091c8d69fb0{\npadding-bottom:10px;\ncolor:#9c0f3a;\n}\nbody .av-special-heading.av-e7zvv-cddbe22755e83e054259c091c8d69fb0 .av-special-heading-tag .heading-char{\nfont-size:25px;\n}\n.av-special-heading.av-e7zvv-cddbe22755e83e054259c091c8d69fb0 .special-heading-inner-border{\nborder-color:#9c0f3a;\n}\n.av-special-heading.av-e7zvv-cddbe22755e83e054259c091c8d69fb0 .av-subheading{\nfont-size:15px;\n}\n<\/style>\n<div  class='av-special-heading av-e7zvv-cddbe22755e83e054259c091c8d69fb0 av-special-heading-h3 custom-color-heading blockquote modern-quote  avia-builder-el-12  el_before_av_textblock  avia-builder-el-first  av-linked-heading'><h3 class='av-special-heading-tag'  itemprop=\"headline\"  ><a class=\"av-heading-link\" href=\"https:\/\/de.wikipedia.org\/wiki\/Ulrich_Krempel\" target=\"_blank\" rel=\"noopener noreferrer\">Ulrich Krempel<\/a><\/h3><div class='av_custom_color av-subheading av-subheading_below'><p>Juror<\/p>\n<\/div><div class=\"special-heading-border\"><div class=\"special-heading-inner-border\"><\/div><\/div><\/div><br \/>\n<section  class='av_textblock_section av-kpdzxe4j-a47cf439fa5181f9931e0e7d3b2cfd63'  itemscope=\"itemscope\" itemtype=\"https:\/\/schema.org\/BlogPosting\" itemprop=\"blogPost\" ><div class='avia_textblock'  itemprop=\"text\" ><p>Ulrich Krempel ist <a href=\"https:\/\/de.wikipedia.org\/wiki\/Kunsthistoriker\">Kunsthistoriker<\/a> und Ausstellungsmacher. Er studierte Germanistik, Kunstgeschichte, Philosophie und Publizistik in Bochum und Rom. Von 1994 bis 2014 war er Direktor des Sprengel Museum Hannover und danach Honorarprofessor an der <a href=\"https:\/\/de.wikipedia.org\/wiki\/Hochschule_f%C3%BCr_Bildende_K%C3%BCnste_Braunschweig\">Hochschule f\u00fcr Bildende K\u00fcnste Braunschweig<\/a>. 2005 geh\u00f6rte er zu den Mitbegr\u00fcndern des Leipziger Kreises, ein Zusammenschluss von Direktoren deutscher Kunstmuseen. Zuletzt ver\u00f6ffentlichte er ein Buch \u00fcber die Lebensgeschichte von El Lissitzky und Sophie Lissitzky-K\u00fcppers 2015.<\/p>\n<\/div><\/section><\/p>\n<\/div><\/div><div class='flex_cell av-j1ucy-30745ee644be8185df85c69fb62b0874 av-gridrow-cell av_one_fourth no_margin  avia-builder-el-14  el_after_av_cell_one_half  avia-builder-el-last ' ><div class='flex_cell_inner'><p>\n<style type=\"text\/css\" data-created_by=\"avia_inline_auto\" id=\"style-css-av-125ska-11c050f40216eab8d845df716ef04505\">\n.avia-image-container.av-125ska-11c050f40216eab8d845df716ef04505 img.avia_image{\nbox-shadow:none;\n}\n.avia-image-container.av-125ska-11c050f40216eab8d845df716ef04505 .av-image-caption-overlay-center{\ncolor:#ffffff;\n}\n<\/style>\n<div  class='avia-image-container av-125ska-11c050f40216eab8d845df716ef04505 av-styling- avia-align-center  avia-builder-el-15  el_before_av_textblock  avia-builder-el-first '   itemprop=\"image\" itemscope=\"itemscope\" itemtype=\"https:\/\/schema.org\/ImageObject\" ><div class=\"avia-image-container-inner\"><div class=\"avia-image-overlay-wrap\"><img decoding=\"async\" class='wp-image-3122 avia-img-lazy-loading-not-3122 avia_image ' src=\"https:\/\/www.hans-platschek-stiftung.de\/wp-content\/uploads\/2021\/06\/krempel_rede.jpg\" alt='' title='krempel_rede'  height=\"750\" width=\"1000\"  itemprop=\"thumbnailUrl\" srcset=\"https:\/\/www.hans-platschek-stiftung.de\/wp-content\/uploads\/2021\/06\/krempel_rede.jpg 1000w, https:\/\/www.hans-platschek-stiftung.de\/wp-content\/uploads\/2021\/06\/krempel_rede-300x225.jpg 300w, https:\/\/www.hans-platschek-stiftung.de\/wp-content\/uploads\/2021\/06\/krempel_rede-768x576.jpg 768w, https:\/\/www.hans-platschek-stiftung.de\/wp-content\/uploads\/2021\/06\/krempel_rede-705x529.jpg 705w\" sizes=\"(max-width: 1000px) 100vw, 1000px\" \/><\/div><\/div><\/div><br \/>\n<section  class='av_textblock_section av-kpe00ac6-9d008e80f7af9adc5ae77d767fd22519'  itemscope=\"itemscope\" itemtype=\"https:\/\/schema.org\/BlogPosting\" itemprop=\"blogPost\" ><div class='avia_textblock'  itemprop=\"text\" ><p>Ulrich Krempel, Laudatio auf Rolf Bier<br \/>\n<a href=\"https:\/\/www.hans-platschek-stiftung.de\/wp-content\/uploads\/2019\/02\/Ulrich_Krempel_2012.pdf\">Download PDF <img loading=\"lazy\" decoding=\"async\" class=\"alignnone size-full wp-image-1067\" src=\"https:\/\/www.hans-platschek-stiftung.de\/wp-content\/uploads\/2019\/02\/pdf.jpg\" alt=\"\" width=\"27\" height=\"24\" \/><\/a><\/p>\n<\/div><\/section><\/p>\n<\/div><\/div>\n<\/div>\n<div id='av-layout-grid-2'  class='av-layout-grid-container av-zn9ay-32379a35f07193e9228f4e3e876f42f9 entry-content-wrapper main_color av-flex-cells  avia-builder-el-17  el_after_av_layout_row  el_before_av_hr  grid-row-not-first  container_wrap fullsize'  >\n<div class='flex_cell av-smopm-27c622a5d7f9329ba80c72a127e241d2 av-gridrow-cell av_one_fourth no_margin  avia-builder-el-18  el_before_av_cell_one_half  avia-builder-el-first ' ><div class='flex_cell_inner'><\/div><\/div><div class='flex_cell av-irsh6-7b88533c09e64e63f5c616194b297c48 av-gridrow-cell av_one_half no_margin  avia-builder-el-19  el_after_av_cell_one_fourth  el_before_av_cell_one_fourth ' ><div class='flex_cell_inner'><p>\n<style type=\"text\/css\" data-created_by=\"avia_inline_auto\" id=\"style-css-av-7460b-de72ba3dc9db4f12fc159eceb1d1df6c\">\n#top .av-special-heading.av-7460b-de72ba3dc9db4f12fc159eceb1d1df6c{\npadding-bottom:10px;\ncolor:#9c0f3a;\n}\nbody .av-special-heading.av-7460b-de72ba3dc9db4f12fc159eceb1d1df6c .av-special-heading-tag .heading-char{\nfont-size:25px;\n}\n.av-special-heading.av-7460b-de72ba3dc9db4f12fc159eceb1d1df6c .special-heading-inner-border{\nborder-color:#9c0f3a;\n}\n.av-special-heading.av-7460b-de72ba3dc9db4f12fc159eceb1d1df6c .av-subheading{\nfont-size:15px;\n}\n<\/style>\n<div  class='av-special-heading av-7460b-de72ba3dc9db4f12fc159eceb1d1df6c av-special-heading-h3 custom-color-heading blockquote modern-quote  avia-builder-el-20  el_before_av_textblock  avia-builder-el-first  av-linked-heading'><h3 class='av-special-heading-tag'  itemprop=\"headline\"  ><a class=\"av-heading-link\" href=\"https:\/\/de.wikipedia.org\/wiki\/Rolf_Bier\" target=\"_blank\" rel=\"noopener noreferrer\">Rolf Bier<\/a><\/h3><div class='av_custom_color av-subheading av-subheading_below'><p>Preistr\u00e4ger<\/p>\n<\/div><div class=\"special-heading-border\"><div class=\"special-heading-inner-border\"><\/div><\/div><\/div><br \/>\n<section  class='av_textblock_section av-qo97u-9866ff3775f28e7067e23895878b191c'  itemscope=\"itemscope\" itemtype=\"https:\/\/schema.org\/BlogPosting\" itemprop=\"blogPost\" ><div class='avia_textblock'  itemprop=\"text\" ><p>Rolf Bier ist Professor f\u00fcr Bildende Kunst. Er studierte an der Hochschule f\u00fcr Bildende K\u00fcnste Braunschweig und an der Chelsea School of Art in London. Er absolvierte au\u00dferdem ein Studium der Linguistik und Literatur Wissenschaft an der TU Braunschweig und gr\u00fcndete 1984 die K\u00fcnstlergruppe \u201eArtists in Residence\u201c.<\/p>\n<p>\u201eRolf Bier hat als Maler, Bildhauer, Dichter und Schreiber ein offenes Kompendium von verschiedenen Ausdrucksweisen entwickelt. Der kritische Gebrauch dieser Medien l\u00e4sst die Bedingungen des Machens von Bildern oder Ereignissen im Raum erfahrbar werden und macht zugleich die Zweifel des K\u00fcnstlers an der Statik des Kunstmachens oder Schreibens sichtbar. Seine konzeptuelle Arbeit l\u00e4sst Fragen an die Kunst als notwendige erscheinen: \u201awas d\u00fcrfen wir glauben\u2018.\u201c (Ulrich Krempel)<\/p>\n<p>Zu den wichtigsten Ausstellungen von Rolf Bier geh\u00f6ren 1999 \u201eRelational Panorama\u201c im Kunstverein Hannover und im K\u00fcnstlerhaus Bethanien, Berlin. Rolf Bier erhielt Auszeichnungen und Stipendien, so 1989 das K\u00fcnstlerstipendium des Landes Niedersachsen f\u00fcr Literatur und 1990 das Stipendium des Landes Niedersachsen f\u00fcr Kunst 1990 sowie den Kunstpreis, 1997 und 2006 den Kunstpreis der Sparkasse Hannover.<\/p>\n<\/div><\/section><\/p>\n<\/div><\/div><div class='flex_cell av-ecouq-23ff7fdd68bd79099e90dd513e168458 av-gridrow-cell av_one_fourth no_margin  avia-builder-el-22  el_after_av_cell_one_half  avia-builder-el-last ' ><div class='flex_cell_inner'><p>\n<style type=\"text\/css\" data-created_by=\"avia_inline_auto\" id=\"style-css-av-kpdzyvpf-ced829c18b215bdb55a0708859fa4b4b\">\n.avia-image-container.av-kpdzyvpf-ced829c18b215bdb55a0708859fa4b4b img.avia_image{\nbox-shadow:none;\n}\n.avia-image-container.av-kpdzyvpf-ced829c18b215bdb55a0708859fa4b4b .av-image-caption-overlay-center{\ncolor:#ffffff;\n}\n<\/style>\n<div  class='avia-image-container av-kpdzyvpf-ced829c18b215bdb55a0708859fa4b4b av-styling- avia-align-center  avia-builder-el-23  el_before_av_textblock  avia-builder-el-first '   itemprop=\"image\" itemscope=\"itemscope\" itemtype=\"https:\/\/schema.org\/ImageObject\" ><div class=\"avia-image-container-inner\"><div class=\"avia-image-overlay-wrap\"><img decoding=\"async\" class='wp-image-3116 avia-img-lazy-loading-not-3116 avia_image ' src=\"https:\/\/www.hans-platschek-stiftung.de\/wp-content\/uploads\/2021\/06\/bier_scheck.jpg\" alt='' title='bier_scheck'  height=\"750\" width=\"1000\"  itemprop=\"thumbnailUrl\" srcset=\"https:\/\/www.hans-platschek-stiftung.de\/wp-content\/uploads\/2021\/06\/bier_scheck.jpg 1000w, https:\/\/www.hans-platschek-stiftung.de\/wp-content\/uploads\/2021\/06\/bier_scheck-300x225.jpg 300w, https:\/\/www.hans-platschek-stiftung.de\/wp-content\/uploads\/2021\/06\/bier_scheck-768x576.jpg 768w, https:\/\/www.hans-platschek-stiftung.de\/wp-content\/uploads\/2021\/06\/bier_scheck-705x529.jpg 705w\" sizes=\"(max-width: 1000px) 100vw, 1000px\" \/><\/div><\/div><\/div><br \/>\n<section  class='av_textblock_section av-kpe00vgd-b381ba9b0fb73d56c51d7cab0649f772'  itemscope=\"itemscope\" itemtype=\"https:\/\/schema.org\/BlogPosting\" itemprop=\"blogPost\" ><div class='avia_textblock'  itemprop=\"text\" ><p>Rolf Bier, Dankrede<br \/>\n<a href=\"https:\/\/www.hans-platschek-stiftung.de\/wp-content\/uploads\/2019\/02\/Rolf_Bier_2012.pdf\">Download PDF <img loading=\"lazy\" decoding=\"async\" class=\"alignnone size-full wp-image-1067\" src=\"https:\/\/www.hans-platschek-stiftung.de\/wp-content\/uploads\/2019\/02\/pdf.jpg\" alt=\"\" width=\"27\" height=\"24\" \/><\/a><\/p>\n<\/div><\/section><\/p>\n<\/div><\/div>\n<\/div><div id='after_grid_row_2'  class='main_color av_default_container_wrap container_wrap fullsize'  ><div class='container av-section-cont-open' ><div class='template-page content  av-content-full alpha units'><div class='post-entry post-entry-type-page post-entry-723'><div class='entry-content-wrapper clearfix'>\n\n<style type=\"text\/css\" data-created_by=\"avia_inline_auto\" id=\"style-css-av-krjf4gr5-82c1f63f216d70f7802e5c7aa536f3be\">\n#top .hr.hr-invisible.av-krjf4gr5-82c1f63f216d70f7802e5c7aa536f3be{\nheight:10px;\n}\n<\/style>\n<div  class='hr av-krjf4gr5-82c1f63f216d70f7802e5c7aa536f3be hr-invisible  avia-builder-el-25  el_after_av_layout_row  el_before_av_slideshow_full  avia-builder-el-no-sibling '><span class='hr-inner '><span class=\"hr-inner-style\"><\/span><\/span><\/div>\n<\/div><\/div><\/div><!-- close content main div --><\/div><\/div><div id='full_slider_2'  class='avia-fullwidth-slider main_color avia-shadow   avia-builder-el-26  el_after_av_hr  el_before_av_textblock   slider-not-first container_wrap fullsize'  ><div  class='avia-slideshow av-krjf3bl7-cde355ab3066104c09c160e42f313259 avia-slideshow-featured av_slideshow_full avia-slide-slider av-slideshow-ui av-control-default av-slideshow-manual av-loop-once av-loop-manual-endless av-default-height-applied   avia-slideshow-2' data-slideshow-options=\"{&quot;animation&quot;:&quot;slide&quot;,&quot;autoplay&quot;:false,&quot;loop_autoplay&quot;:&quot;once&quot;,&quot;interval&quot;:5,&quot;loop_manual&quot;:&quot;manual-endless&quot;,&quot;autoplay_stopper&quot;:false,&quot;noNavigation&quot;:false,&quot;bg_slider&quot;:false,&quot;keep_padding&quot;:false,&quot;hoverpause&quot;:false,&quot;show_slide_delay&quot;:0}\"  itemprop=\"image\" itemscope=\"itemscope\" itemtype=\"https:\/\/schema.org\/ImageObject\" ><ul class='avia-slideshow-inner ' style='padding-bottom: 28.666666666667%;'><li  class='avia-slideshow-slide av-krjf3bl7-cde355ab3066104c09c160e42f313259__0  av-single-slide slide-1 slide-odd'><div data-rel='slideshow-2' class='avia-slide-wrap '   ><img decoding=\"async\" class=\"wp-image-3586 avia-img-lazy-loading-not-3586\"  src=\"https:\/\/www.hans-platschek-stiftung.de\/wp-content\/uploads\/2021\/08\/bier_20210831-1500x430.jpg\" width=\"1500\" height=\"430\" title='bier_20210831' alt=''  itemprop=\"thumbnailUrl\" srcset=\"https:\/\/www.hans-platschek-stiftung.de\/wp-content\/uploads\/2021\/08\/bier_20210831.jpg 1500w, https:\/\/www.hans-platschek-stiftung.de\/wp-content\/uploads\/2021\/08\/bier_20210831-300x86.jpg 300w, https:\/\/www.hans-platschek-stiftung.de\/wp-content\/uploads\/2021\/08\/bier_20210831-1030x295.jpg 1030w, https:\/\/www.hans-platschek-stiftung.de\/wp-content\/uploads\/2021\/08\/bier_20210831-768x220.jpg 768w, https:\/\/www.hans-platschek-stiftung.de\/wp-content\/uploads\/2021\/08\/bier_20210831-705x202.jpg 705w\" sizes=\"(max-width: 1500px) 100vw, 1500px\" \/><\/div><\/li><\/ul><\/div><\/div><div id='after_full_slider_2'  class='main_color av_default_container_wrap container_wrap fullsize'  ><div class='container av-section-cont-open' ><div class='template-page content  av-content-full alpha units'><div class='post-entry post-entry-type-page post-entry-723'><div class='entry-content-wrapper clearfix'>\n<section  class='av_textblock_section av-jrc8vcpf-16491d0b808adb6d443304c1e8e1fd95'  itemscope=\"itemscope\" itemtype=\"https:\/\/schema.org\/BlogPosting\" itemprop=\"blogPost\" ><div class='avia_textblock'  itemprop=\"text\" ><p>Fotos: <a href=\"http:\/\/www.juergenroesner.de\/\" target=\"_blank\" rel=\"noopener\">J\u00fcrgen R\u00f6sner<\/a><\/p>\n<\/div><\/section>\n","protected":false},"excerpt":{"rendered":"","protected":false},"author":1,"featured_media":725,"comment_status":"closed","ping_status":"closed","sticky":false,"template":"","format":"standard","meta":{"footnotes":""},"categories":[37],"tags":[],"class_list":["post-723","post","type-post","status-publish","format-standard","has-post-thumbnail","hentry","category-preisverleihungen"],"_links":{"self":[{"href":"https:\/\/www.hans-platschek-stiftung.de\/index.php?rest_route=\/wp\/v2\/posts\/723","targetHints":{"allow":["GET"]}}],"collection":[{"href":"https:\/\/www.hans-platschek-stiftung.de\/index.php?rest_route=\/wp\/v2\/posts"}],"about":[{"href":"https:\/\/www.hans-platschek-stiftung.de\/index.php?rest_route=\/wp\/v2\/types\/post"}],"author":[{"embeddable":true,"href":"https:\/\/www.hans-platschek-stiftung.de\/index.php?rest_route=\/wp\/v2\/users\/1"}],"replies":[{"embeddable":true,"href":"https:\/\/www.hans-platschek-stiftung.de\/index.php?rest_route=%2Fwp%2Fv2%2Fcomments&post=723"}],"version-history":[{"count":29,"href":"https:\/\/www.hans-platschek-stiftung.de\/index.php?rest_route=\/wp\/v2\/posts\/723\/revisions"}],"predecessor-version":[{"id":3590,"href":"https:\/\/www.hans-platschek-stiftung.de\/index.php?rest_route=\/wp\/v2\/posts\/723\/revisions\/3590"}],"wp:featuredmedia":[{"embeddable":true,"href":"https:\/\/www.hans-platschek-stiftung.de\/index.php?rest_route=\/wp\/v2\/media\/725"}],"wp:attachment":[{"href":"https:\/\/www.hans-platschek-stiftung.de\/index.php?rest_route=%2Fwp%2Fv2%2Fmedia&parent=723"}],"wp:term":[{"taxonomy":"category","embeddable":true,"href":"https:\/\/www.hans-platschek-stiftung.de\/index.php?rest_route=%2Fwp%2Fv2%2Fcategories&post=723"},{"taxonomy":"post_tag","embeddable":true,"href":"https:\/\/www.hans-platschek-stiftung.de\/index.php?rest_route=%2Fwp%2Fv2%2Ftags&post=723"}],"curies":[{"name":"wp","href":"https:\/\/api.w.org\/{rel}","templated":true}]}}